{"id":3057,"date":"2024-12-15T12:01:44","date_gmt":"2024-12-15T11:01:44","guid":{"rendered":"https:\/\/www.xivlo.pl\/?p=3057"},"modified":"2024-12-15T12:23:32","modified_gmt":"2024-12-15T11:23:32","slug":"grudzien-70","status":"publish","type":"post","link":"https:\/\/www.xivlo.pl\/?p=3057","title":{"rendered":"Grudzie\u0144 70"},"content":{"rendered":"<p>&#8222;Ch\u0142opcy z Grab\u00f3wka ch\u0142opcy z Chyloni<br \/>\ndzisiaj milicja u\u017cy\u0142a broni&#8221;<br \/>\ntymi s\u0142owami zaczyna si\u0119 piosenka, u\u0142o\u017cona przez Krzysztofa Dowgia\u0142\u0142o, pod tytu\u0142em Ballada o Janku Wi\u015bniewskim.<\/p>\n<p>Czym\u015b naturalnym wydaje si\u0119 wi\u0119c, \u017ce uczniowie szko\u0142y, mieszcz\u0105cej si\u0119 w Chyloni, powinni mie\u0107 jakie\u015b poj\u0119cie o tym kiedy, dlaczego i przeciw komu \u201cmilicja u\u017cy\u0142a broni\u201d.<\/p>\n<p>Dlatego 13 grudnia 2024 przypomnieli\u015bmy o Wydarzeniach grudniowych roku 1970 na Wybrze\u017cu. By\u0142y prezentacje wydarze\u0144 na lekcjach historii, przypomnienie przedstawie\u0144 teatralnych (wieczornic), kt\u00f3re odby\u0142y si\u0119 w szkole. A popo\u0142udniu projekcja filmu &#8222;Czarny czwartek&#8221;.\u00a0\u00a0Film, kt\u00f3ry opowiada o\u00a0wypadkach\u00a0grudniowych, w kt\u00f3rych zgin\u0119li robotnicy gdy\u0144skiej stoczni. Jest<br \/>\nwiernym odtworzeniem kilku dni, kt\u00f3re na zawsze zmieni\u0142y \u017cycie wielu ludzi.<br \/>\nJednym z nich by\u0142 Brunon Drywa, bliski krewny jednej z naszych absolwentek.<\/p>\n<p>Piel\u0119gnujmy pami\u0119\u0107 o bohaterach tamtych dni i doceniajmy to co mamy cytuj\u0105c s\u0142owa piosenki M. Rodowicz: <i style=\"color: var( --e-global-color-text ); font-family: var( --e-global-typography-text-font-family ), Sans-serif; font-weight: var( --e-global-typography-text-font-weight );\">\u201eTy to masz szcz\u0119\u015bcie, \u017ce w tym momencie, \u017cy\u0107 ci przysz\u0142o, w\u00a0kraju nad Wis\u0142\u0105\u00a0Ty to masz szcz\u0119\u015bcie&#8221;\u00a0<\/i><\/p>\n<style>\/*! elementor - v3.16.0 - 20-09-2023 *\/<br \/>\n.elementor-widget-image{text-align:center}.elementor-widget-image a{display:inline-block}.elementor-widget-image a img[src$=\".svg\"]{width:48px}.elementor-widget-image img{vertical-align:middle;display:inline-block}<\/style>\n<p><img fetchpriority=\"high\" decoding=\"async\" src=\"https:\/\/www.xivlo.pl\/wp-content\/uploads\/2024\/12\/grudzien-70-845x1024.jpg\" sizes=\"(max-width: 845px) 100vw, 845px\" srcset=\"https:\/\/www.xivlo.pl\/wp-content\/uploads\/2024\/12\/grudzien-70-845x1024.jpg 845w, https:\/\/www.xivlo.pl\/wp-content\/uploads\/2024\/12\/grudzien-70-248x300.jpg 248w, https:\/\/www.xivlo.pl\/wp-content\/uploads\/2024\/12\/grudzien-70-768x930.jpg 768w, https:\/\/www.xivlo.pl\/wp-content\/uploads\/2024\/12\/grudzien-70-1268x1536.jpg 1268w, https:\/\/www.xivlo.pl\/wp-content\/uploads\/2024\/12\/grudzien-70-1691x2048.jpg 1691w, https:\/\/www.xivlo.pl\/wp-content\/uploads\/2024\/12\/grudzien-70.jpg 2008w\" alt=\"\" width=\"845\" height=\"1024\" \/><br \/>\n<img decoding=\"async\" src=\"https:\/\/www.xivlo.pl\/wp-content\/uploads\/2024\/12\/grudzien-70-2-1024x939.jpg\" sizes=\"(max-width: 1024px) 100vw, 1024px\" srcset=\"https:\/\/www.xivlo.pl\/wp-content\/uploads\/2024\/12\/grudzien-70-2-1024x939.jpg 1024w, https:\/\/www.xivlo.pl\/wp-content\/uploads\/2024\/12\/grudzien-70-2-300x275.jpg 300w, https:\/\/www.xivlo.pl\/wp-content\/uploads\/2024\/12\/grudzien-70-2-768x704.jpg 768w, https:\/\/www.xivlo.pl\/wp-content\/uploads\/2024\/12\/grudzien-70-2-1536x1408.jpg 1536w, https:\/\/www.xivlo.pl\/wp-content\/uploads\/2024\/12\/grudzien-70-2-2048x1877.jpg 2048w\" alt=\"\" width=\"1024\" height=\"939\" \/><\/p>\n","protected":false},"excerpt":{"rendered":"<p>&#8222;Ch\u0142opcy z Grab\u00f3wka ch\u0142opcy z Chyloni dzisiaj milicja u\u017cy\u0142a broni&#8221; tymi s\u0142owami zaczyna si\u0119 piosenka, u\u0142o\u017cona przez Krzysztofa Dowgia\u0142\u0142o, pod tytu\u0142em Ballada o Janku Wi\u015bniewskim. Czym\u015b naturalnym wydaje si\u0119 wi\u0119c, \u017ce uczniowie szko\u0142y, mieszcz\u0105cej si\u0119 w Chyloni, powinni mie\u0107 jakie\u015b poj\u0119cie o tym kiedy, dlaczego i przeciw komu \u201cmilicja u\u017cy\u0142a broni\u201d. Dlatego 13 grudnia 2024&#8230;<\/p>\n","protected":false},"author":1,"featured_media":3059,"comment_status":"closed","ping_status":"","sticky":false,"template":"","format":"standard","meta":{"_kadence_starter_templates_imported_post":false,"_kad_post_transparent":"","_kad_post_title":"","_kad_post_layout":"","_kad_post_sidebar_id":"","_kad_post_content_style":"","_kad_post_vertical_padding":"","_kad_post_feature":"","_kad_post_feature_position":"","_kad_post_header":false,"_kad_post_footer":false,"_kad_post_classname":"","footnotes":""},"categories":[6],"tags":[],"post_folder":[],"class_list":["post-3057","post","type-post","status-publish","format-standard","has-post-thumbnail","hentry","category-aktualnosci"],"_links":{"self":[{"href":"https:\/\/www.xivlo.pl\/index.php?rest_route=\/wp\/v2\/posts\/3057","targetHints":{"allow":["GET"]}}],"collection":[{"href":"https:\/\/www.xivlo.pl\/index.php?rest_route=\/wp\/v2\/posts"}],"about":[{"href":"https:\/\/www.xivlo.pl\/index.php?rest_route=\/wp\/v2\/types\/post"}],"author":[{"embeddable":true,"href":"https:\/\/www.xivlo.pl\/index.php?rest_route=\/wp\/v2\/users\/1"}],"replies":[{"embeddable":true,"href":"https:\/\/www.xivlo.pl\/index.php?rest_route=%2Fwp%2Fv2%2Fcomments&post=3057"}],"version-history":[{"count":5,"href":"https:\/\/www.xivlo.pl\/index.php?rest_route=\/wp\/v2\/posts\/3057\/revisions"}],"predecessor-version":[{"id":3064,"href":"https:\/\/www.xivlo.pl\/index.php?rest_route=\/wp\/v2\/posts\/3057\/revisions\/3064"}],"wp:featuredmedia":[{"embeddable":true,"href":"https:\/\/www.xivlo.pl\/index.php?rest_route=\/wp\/v2\/media\/3059"}],"wp:attachment":[{"href":"https:\/\/www.xivlo.pl\/index.php?rest_route=%2Fwp%2Fv2%2Fmedia&parent=3057"}],"wp:term":[{"taxonomy":"category","embeddable":true,"href":"https:\/\/www.xivlo.pl\/index.php?rest_route=%2Fwp%2Fv2%2Fcategories&post=3057"},{"taxonomy":"post_tag","embeddable":true,"href":"https:\/\/www.xivlo.pl\/index.php?rest_route=%2Fwp%2Fv2%2Ftags&post=3057"},{"taxonomy":"post_folder","embeddable":true,"href":"https:\/\/www.xivlo.pl\/index.php?rest_route=%2Fwp%2Fv2%2Fpost_folder&post=3057"}],"curies":[{"name":"wp","href":"https:\/\/api.w.org\/{rel}","templated":true}]}}