{"id":2941,"date":"2024-09-13T21:47:23","date_gmt":"2024-09-13T19:47:23","guid":{"rendered":"https:\/\/www.xivlo.pl\/?p=2941"},"modified":"2024-09-20T21:54:48","modified_gmt":"2024-09-20T19:54:48","slug":"uroczyste-rozpoczecie-roku-szkolnego-2","status":"publish","type":"post","link":"https:\/\/www.xivlo.pl\/?p=2941","title":{"rendered":"Uroczyste rozpocz\u0119cie roku szkolnego"},"content":{"rendered":"\t\t<div data-elementor-type=\"wp-post\" data-elementor-id=\"2941\" class=\"elementor elementor-2941\">\n\t\t\t\t\t\t<section class=\"elementor-section elementor-top-section elementor-element elementor-element-d6c7f3c elementor-section-boxed elementor-section-height-default elementor-section-height-default\" data-id=\"d6c7f3c\" data-element_type=\"section\" data-e-type=\"section\">\n\t\t\t\t\t\t<div class=\"elementor-container elementor-column-gap-default\">\n\t\t\t\t\t<div class=\"elementor-column elementor-col-100 elementor-top-column elementor-element elementor-element-438c348\" data-id=\"438c348\" data-element_type=\"column\" data-e-type=\"column\">\n\t\t\t<div class=\"elementor-widget-wrap elementor-element-populated\">\n\t\t\t\t\t\t<div class=\"elementor-element elementor-element-5cbe313 elementor-widget elementor-widget-text-editor\" data-id=\"5cbe313\" data-element_type=\"widget\" data-e-type=\"widget\" data-widget_type=\"text-editor.default\">\n\t\t\t\t<div class=\"elementor-widget-container\">\n\t\t\t\t\t\t\t\t\t<p>Uroczyste rozpocz\u0119cie roku ju\u017c za nami, rozpocz\u0105\u0142 si\u0119 charakterystyczny szkolny gwar, mury wype\u0142nili rado\u015bni wypocz\u0119ci uczniowie. Uczniowie klas pierwszych z\u0142o\u017cyli \u015blubowanie na sztandar, obiecuj\u0105c wierno\u015b\u0107 kopernikowskim idea\u0142om. Nast\u0119pnie po spotkaniu z wychowawcami, zmierzyli si\u0119 z testem z j\u0119zyka angielskiego.<\/p>\t\t\t\t\t\t\t\t<\/div>\n\t\t\t\t<\/div>\n\t\t\t\t<div class=\"elementor-element elementor-element-42d8282 elementor-widget elementor-widget-image\" data-id=\"42d8282\" data-element_type=\"widget\" data-e-type=\"widget\" data-widget_type=\"image.default\">\n\t\t\t\t<div class=\"elementor-widget-container\">\n\t\t\t\t\t\t\t\t\t\t\t\t\t\t\t<img fetchpriority=\"high\" decoding=\"async\" width=\"1024\" height=\"576\" src=\"https:\/\/www.xivlo.pl\/wp-content\/uploads\/2024\/09\/foto2-1024x576.jpg\" class=\"attachment-large size-large wp-image-2943\" alt=\"\" srcset=\"https:\/\/www.xivlo.pl\/wp-content\/uploads\/2024\/09\/foto2-1024x576.jpg 1024w, https:\/\/www.xivlo.pl\/wp-content\/uploads\/2024\/09\/foto2-300x169.jpg 300w, https:\/\/www.xivlo.pl\/wp-content\/uploads\/2024\/09\/foto2-768x432.jpg 768w, https:\/\/www.xivlo.pl\/wp-content\/uploads\/2024\/09\/foto2-1536x864.jpg 1536w, https:\/\/www.xivlo.pl\/wp-content\/uploads\/2024\/09\/foto2.jpg 1600w\" sizes=\"(max-width: 1024px) 100vw, 1024px\" \/>\t\t\t\t\t\t\t\t\t\t\t\t\t\t\t<\/div>\n\t\t\t\t<\/div>\n\t\t\t\t\t<\/div>\n\t\t<\/div>\n\t\t\t\t\t<\/div>\n\t\t<\/section>\n\t\t\t\t<\/div>\n\t\t","protected":false},"excerpt":{"rendered":"<p>Uroczyste rozpocz\u0119cie roku ju\u017c za nami, rozpocz\u0105\u0142 si\u0119 charakterystyczny szkolny gwar, mury wype\u0142nili rado\u015bni wypocz\u0119ci uczniowie. Uczniowie klas pierwszych z\u0142o\u017cyli \u015blubowanie na sztandar, obiecuj\u0105c wierno\u015b\u0107 kopernikowskim idea\u0142om. Nast\u0119pnie po spotkaniu z wychowawcami, zmierzyli si\u0119 z testem z j\u0119zyka angielskiego.<\/p>\n","protected":false},"author":1,"featured_media":2944,"comment_status":"closed","ping_status":"","sticky":false,"template":"","format":"standard","meta":{"_kadence_starter_templates_imported_post":false,"_kad_post_transparent":"","_kad_post_title":"","_kad_post_layout":"","_kad_post_sidebar_id":"","_kad_post_content_style":"","_kad_post_vertical_padding":"","_kad_post_feature":"","_kad_post_feature_position":"","_kad_post_header":false,"_kad_post_footer":false,"_kad_post_classname":"","footnotes":""},"categories":[6],"tags":[],"post_folder":[],"class_list":["post-2941","post","type-post","status-publish","format-standard","has-post-thumbnail","hentry","category-aktualnosci"],"_links":{"self":[{"href":"https:\/\/www.xivlo.pl\/index.php?rest_route=\/wp\/v2\/posts\/2941","targetHints":{"allow":["GET"]}}],"collection":[{"href":"https:\/\/www.xivlo.pl\/index.php?rest_route=\/wp\/v2\/posts"}],"about":[{"href":"https:\/\/www.xivlo.pl\/index.php?rest_route=\/wp\/v2\/types\/post"}],"author":[{"embeddable":true,"href":"https:\/\/www.xivlo.pl\/index.php?rest_route=\/wp\/v2\/users\/1"}],"replies":[{"embeddable":true,"href":"https:\/\/www.xivlo.pl\/index.php?rest_route=%2Fwp%2Fv2%2Fcomments&post=2941"}],"version-history":[{"count":4,"href":"https:\/\/www.xivlo.pl\/index.php?rest_route=\/wp\/v2\/posts\/2941\/revisions"}],"predecessor-version":[{"id":2947,"href":"https:\/\/www.xivlo.pl\/index.php?rest_route=\/wp\/v2\/posts\/2941\/revisions\/2947"}],"wp:featuredmedia":[{"embeddable":true,"href":"https:\/\/www.xivlo.pl\/index.php?rest_route=\/wp\/v2\/media\/2944"}],"wp:attachment":[{"href":"https:\/\/www.xivlo.pl\/index.php?rest_route=%2Fwp%2Fv2%2Fmedia&parent=2941"}],"wp:term":[{"taxonomy":"category","embeddable":true,"href":"https:\/\/www.xivlo.pl\/index.php?rest_route=%2Fwp%2Fv2%2Fcategories&post=2941"},{"taxonomy":"post_tag","embeddable":true,"href":"https:\/\/www.xivlo.pl\/index.php?rest_route=%2Fwp%2Fv2%2Ftags&post=2941"},{"taxonomy":"post_folder","embeddable":true,"href":"https:\/\/www.xivlo.pl\/index.php?rest_route=%2Fwp%2Fv2%2Fpost_folder&post=2941"}],"curies":[{"name":"wp","href":"https:\/\/api.w.org\/{rel}","templated":true}]}}