{"id":2858,"date":"2024-06-21T22:13:54","date_gmt":"2024-06-21T20:13:54","guid":{"rendered":"https:\/\/www.xivlo.pl\/?p=2858"},"modified":"2024-06-24T22:24:59","modified_gmt":"2024-06-24T20:24:59","slug":"uroczyste-zakonczenie-roku-szkolnego-3","status":"publish","type":"post","link":"https:\/\/www.xivlo.pl\/?p=2858","title":{"rendered":"Uroczyste zako\u0144czenie roku szkolnego"},"content":{"rendered":"\t\t<div data-elementor-type=\"wp-post\" data-elementor-id=\"2858\" class=\"elementor elementor-2858\">\n\t\t\t\t\t\t<section class=\"elementor-section elementor-top-section elementor-element elementor-element-4a95ae7 elementor-section-boxed elementor-section-height-default elementor-section-height-default\" data-id=\"4a95ae7\" data-element_type=\"section\" data-e-type=\"section\">\n\t\t\t\t\t\t<div class=\"elementor-container elementor-column-gap-default\">\n\t\t\t\t\t<div class=\"elementor-column elementor-col-100 elementor-top-column elementor-element elementor-element-305d624\" data-id=\"305d624\" data-element_type=\"column\" data-e-type=\"column\">\n\t\t\t<div class=\"elementor-widget-wrap elementor-element-populated\">\n\t\t\t\t\t\t<div class=\"elementor-element elementor-element-fdffa43 elementor-widget elementor-widget-text-editor\" data-id=\"fdffa43\" data-element_type=\"widget\" data-e-type=\"widget\" data-widget_type=\"text-editor.default\">\n\t\t\t\t<div class=\"elementor-widget-container\">\n\t\t\t\t\t\t\t\t\t<p>Sta\u0142o si\u0119.\u00a0<\/p><p>Rok szkolny 2023\/24 uwa\u017camy za zako\u0144czony!\u00a0<span style=\"color: var( --e-global-color-text ); font-family: var( --e-global-typography-text-font-family ), Sans-serif; font-weight: var( --e-global-typography-text-font-weight );\">W pi\u0105tek uroczy\u015bcie uhonorowali\u015bmy wybitnych uczni\u00f3w, podzi\u0119kowali\u015bmy tym, kt\u00f3rzy osi\u0105gn\u0119li sukcesy oraz tym kt\u00f3rzy wed\u0142ug wychowawc\u00f3w wyr\u00f3\u017cnili si\u0119 w swoich klasach. Po\u017cegnali\u015bmy odchodz\u0105c\u0105 na emerytur\u0119 pani\u0105 Danusi\u0119 &#8211; legend\u0119 naszej szko\u0142y. Uroczysto\u015b\u0107 zako\u0144czyli\u015bmy wyst\u0119pem naszego szkolnego ch\u00f3ru. I z rado\u015bci\u0105 uczniowie rozpocz\u0119li WAKACJE &#8211; powr\u00f3c\u0105 za 72 dni.<\/span><\/p>\t\t\t\t\t\t\t\t<\/div>\n\t\t\t\t<\/div>\n\t\t\t\t<div class=\"elementor-element elementor-element-76d35b1 elementor-widget elementor-widget-image\" data-id=\"76d35b1\" data-element_type=\"widget\" data-e-type=\"widget\" data-widget_type=\"image.default\">\n\t\t\t\t<div class=\"elementor-widget-container\">\n\t\t\t\t\t\t\t\t\t\t\t\t\t\t\t<img fetchpriority=\"high\" decoding=\"async\" width=\"1024\" height=\"678\" src=\"https:\/\/www.xivlo.pl\/wp-content\/uploads\/2024\/06\/koniec-1-1024x678.jpg\" class=\"attachment-large size-large wp-image-2869\" alt=\"\" srcset=\"https:\/\/www.xivlo.pl\/wp-content\/uploads\/2024\/06\/koniec-1-1024x678.jpg 1024w, https:\/\/www.xivlo.pl\/wp-content\/uploads\/2024\/06\/koniec-1-300x199.jpg 300w, https:\/\/www.xivlo.pl\/wp-content\/uploads\/2024\/06\/koniec-1-768x509.jpg 768w, https:\/\/www.xivlo.pl\/wp-content\/uploads\/2024\/06\/koniec-1-1536x1017.jpg 1536w, https:\/\/www.xivlo.pl\/wp-content\/uploads\/2024\/06\/koniec-1-2048x1356.jpg 2048w\" sizes=\"(max-width: 1024px) 100vw, 1024px\" \/>\t\t\t\t\t\t\t\t\t\t\t\t\t\t\t<\/div>\n\t\t\t\t<\/div>\n\t\t\t\t<div class=\"elementor-element elementor-element-233e407 elementor-widget elementor-widget-image\" data-id=\"233e407\" data-element_type=\"widget\" data-e-type=\"widget\" data-widget_type=\"image.default\">\n\t\t\t\t<div class=\"elementor-widget-container\">\n\t\t\t\t\t\t\t\t\t\t\t\t\t\t\t<img decoding=\"async\" width=\"1024\" height=\"678\" src=\"https:\/\/www.xivlo.pl\/wp-content\/uploads\/2024\/06\/koniec-2-1024x678.jpg\" class=\"attachment-large size-large wp-image-2868\" alt=\"\" srcset=\"https:\/\/www.xivlo.pl\/wp-content\/uploads\/2024\/06\/koniec-2-1024x678.jpg 1024w, https:\/\/www.xivlo.pl\/wp-content\/uploads\/2024\/06\/koniec-2-300x199.jpg 300w, https:\/\/www.xivlo.pl\/wp-content\/uploads\/2024\/06\/koniec-2-768x509.jpg 768w, https:\/\/www.xivlo.pl\/wp-content\/uploads\/2024\/06\/koniec-2-1536x1017.jpg 1536w, https:\/\/www.xivlo.pl\/wp-content\/uploads\/2024\/06\/koniec-2-2048x1356.jpg 2048w\" sizes=\"(max-width: 1024px) 100vw, 1024px\" \/>\t\t\t\t\t\t\t\t\t\t\t\t\t\t\t<\/div>\n\t\t\t\t<\/div>\n\t\t\t\t<div class=\"elementor-element elementor-element-4455801 elementor-widget elementor-widget-image\" data-id=\"4455801\" data-element_type=\"widget\" data-e-type=\"widget\" data-widget_type=\"image.default\">\n\t\t\t\t<div class=\"elementor-widget-container\">\n\t\t\t\t\t\t\t\t\t\t\t\t\t\t\t<img decoding=\"async\" width=\"1024\" height=\"678\" src=\"https:\/\/www.xivlo.pl\/wp-content\/uploads\/2024\/06\/koniec-3-1024x678.jpg\" class=\"attachment-large size-large wp-image-2867\" alt=\"\" srcset=\"https:\/\/www.xivlo.pl\/wp-content\/uploads\/2024\/06\/koniec-3-1024x678.jpg 1024w, https:\/\/www.xivlo.pl\/wp-content\/uploads\/2024\/06\/koniec-3-300x199.jpg 300w, https:\/\/www.xivlo.pl\/wp-content\/uploads\/2024\/06\/koniec-3-768x509.jpg 768w, https:\/\/www.xivlo.pl\/wp-content\/uploads\/2024\/06\/koniec-3-1536x1017.jpg 1536w, https:\/\/www.xivlo.pl\/wp-content\/uploads\/2024\/06\/koniec-3-2048x1356.jpg 2048w\" sizes=\"(max-width: 1024px) 100vw, 1024px\" \/>\t\t\t\t\t\t\t\t\t\t\t\t\t\t\t<\/div>\n\t\t\t\t<\/div>\n\t\t\t\t<div class=\"elementor-element elementor-element-6c8efee elementor-widget elementor-widget-image\" data-id=\"6c8efee\" data-element_type=\"widget\" data-e-type=\"widget\" data-widget_type=\"image.default\">\n\t\t\t\t<div class=\"elementor-widget-container\">\n\t\t\t\t\t\t\t\t\t\t\t\t\t\t\t<img loading=\"lazy\" decoding=\"async\" width=\"1024\" height=\"678\" src=\"https:\/\/www.xivlo.pl\/wp-content\/uploads\/2024\/06\/koniec-4-1024x678.jpg\" class=\"attachment-large size-large wp-image-2866\" alt=\"\" srcset=\"https:\/\/www.xivlo.pl\/wp-content\/uploads\/2024\/06\/koniec-4-1024x678.jpg 1024w, https:\/\/www.xivlo.pl\/wp-content\/uploads\/2024\/06\/koniec-4-300x199.jpg 300w, https:\/\/www.xivlo.pl\/wp-content\/uploads\/2024\/06\/koniec-4-768x509.jpg 768w, https:\/\/www.xivlo.pl\/wp-content\/uploads\/2024\/06\/koniec-4-1536x1017.jpg 1536w, https:\/\/www.xivlo.pl\/wp-content\/uploads\/2024\/06\/koniec-4-2048x1356.jpg 2048w\" sizes=\"(max-width: 1024px) 100vw, 1024px\" \/>\t\t\t\t\t\t\t\t\t\t\t\t\t\t\t<\/div>\n\t\t\t\t<\/div>\n\t\t\t\t<div class=\"elementor-element elementor-element-ceebff1 elementor-widget elementor-widget-image\" data-id=\"ceebff1\" data-element_type=\"widget\" data-e-type=\"widget\" data-widget_type=\"image.default\">\n\t\t\t\t<div class=\"elementor-widget-container\">\n\t\t\t\t\t\t\t\t\t\t\t\t\t\t\t<img loading=\"lazy\" decoding=\"async\" width=\"1024\" height=\"678\" src=\"https:\/\/www.xivlo.pl\/wp-content\/uploads\/2024\/06\/koniec8-1024x678.jpg\" class=\"attachment-large size-large wp-image-2864\" alt=\"\" srcset=\"https:\/\/www.xivlo.pl\/wp-content\/uploads\/2024\/06\/koniec8-1024x678.jpg 1024w, https:\/\/www.xivlo.pl\/wp-content\/uploads\/2024\/06\/koniec8-300x199.jpg 300w, https:\/\/www.xivlo.pl\/wp-content\/uploads\/2024\/06\/koniec8-768x509.jpg 768w, https:\/\/www.xivlo.pl\/wp-content\/uploads\/2024\/06\/koniec8-1536x1017.jpg 1536w, https:\/\/www.xivlo.pl\/wp-content\/uploads\/2024\/06\/koniec8-2048x1356.jpg 2048w\" sizes=\"(max-width: 1024px) 100vw, 1024px\" \/>\t\t\t\t\t\t\t\t\t\t\t\t\t\t\t<\/div>\n\t\t\t\t<\/div>\n\t\t\t\t\t<\/div>\n\t\t<\/div>\n\t\t\t\t\t<\/div>\n\t\t<\/section>\n\t\t\t\t<\/div>\n\t\t","protected":false},"excerpt":{"rendered":"<p>Sta\u0142o si\u0119.\u00a0 Rok szkolny 2023\/24 uwa\u017camy za zako\u0144czony!\u00a0W pi\u0105tek uroczy\u015bcie uhonorowali\u015bmy wybitnych uczni\u00f3w, podzi\u0119kowali\u015bmy tym, kt\u00f3rzy osi\u0105gn\u0119li sukcesy oraz tym kt\u00f3rzy wed\u0142ug wychowawc\u00f3w wyr\u00f3\u017cnili si\u0119 w swoich klasach. Po\u017cegnali\u015bmy odchodz\u0105c\u0105 na emerytur\u0119 pani\u0105 Danusi\u0119 &#8211; legend\u0119 naszej szko\u0142y. Uroczysto\u015b\u0107 zako\u0144czyli\u015bmy wyst\u0119pem naszego szkolnego ch\u00f3ru. I z rado\u015bci\u0105 uczniowie rozpocz\u0119li WAKACJE &#8211; powr\u00f3c\u0105 za 72 dni.<\/p>\n","protected":false},"author":1,"featured_media":2871,"comment_status":"closed","ping_status":"","sticky":false,"template":"","format":"standard","meta":{"_kadence_starter_templates_imported_post":false,"_kad_post_transparent":"","_kad_post_title":"","_kad_post_layout":"","_kad_post_sidebar_id":"","_kad_post_content_style":"","_kad_post_vertical_padding":"","_kad_post_feature":"","_kad_post_feature_position":"","_kad_post_header":false,"_kad_post_footer":false,"_kad_post_classname":"","footnotes":""},"categories":[6],"tags":[],"post_folder":[],"class_list":["post-2858","post","type-post","status-publish","format-standard","has-post-thumbnail","hentry","category-aktualnosci"],"_links":{"self":[{"href":"https:\/\/www.xivlo.pl\/index.php?rest_route=\/wp\/v2\/posts\/2858","targetHints":{"allow":["GET"]}}],"collection":[{"href":"https:\/\/www.xivlo.pl\/index.php?rest_route=\/wp\/v2\/posts"}],"about":[{"href":"https:\/\/www.xivlo.pl\/index.php?rest_route=\/wp\/v2\/types\/post"}],"author":[{"embeddable":true,"href":"https:\/\/www.xivlo.pl\/index.php?rest_route=\/wp\/v2\/users\/1"}],"replies":[{"embeddable":true,"href":"https:\/\/www.xivlo.pl\/index.php?rest_route=%2Fwp%2Fv2%2Fcomments&post=2858"}],"version-history":[{"count":7,"href":"https:\/\/www.xivlo.pl\/index.php?rest_route=\/wp\/v2\/posts\/2858\/revisions"}],"predecessor-version":[{"id":2874,"href":"https:\/\/www.xivlo.pl\/index.php?rest_route=\/wp\/v2\/posts\/2858\/revisions\/2874"}],"wp:featuredmedia":[{"embeddable":true,"href":"https:\/\/www.xivlo.pl\/index.php?rest_route=\/wp\/v2\/media\/2871"}],"wp:attachment":[{"href":"https:\/\/www.xivlo.pl\/index.php?rest_route=%2Fwp%2Fv2%2Fmedia&parent=2858"}],"wp:term":[{"taxonomy":"category","embeddable":true,"href":"https:\/\/www.xivlo.pl\/index.php?rest_route=%2Fwp%2Fv2%2Fcategories&post=2858"},{"taxonomy":"post_tag","embeddable":true,"href":"https:\/\/www.xivlo.pl\/index.php?rest_route=%2Fwp%2Fv2%2Ftags&post=2858"},{"taxonomy":"post_folder","embeddable":true,"href":"https:\/\/www.xivlo.pl\/index.php?rest_route=%2Fwp%2Fv2%2Fpost_folder&post=2858"}],"curies":[{"name":"wp","href":"https:\/\/api.w.org\/{rel}","templated":true}]}}