{"id":2800,"date":"2024-06-04T21:29:24","date_gmt":"2024-06-04T19:29:24","guid":{"rendered":"https:\/\/www.xivlo.pl\/?p=2800"},"modified":"2024-06-05T10:53:40","modified_gmt":"2024-06-05T08:53:40","slug":"termin-dodatkowy-sprawdzianu-kompetencji-jezykowych","status":"publish","type":"post","link":"https:\/\/www.xivlo.pl\/?p=2800","title":{"rendered":"Termin dodatkowy sprawdzianu kompetencji j\u0119zykowych"},"content":{"rendered":"\t\t<div data-elementor-type=\"wp-post\" data-elementor-id=\"2800\" class=\"elementor elementor-2800\">\n\t\t\t\t\t\t<section class=\"elementor-section elementor-top-section elementor-element elementor-element-322a09f elementor-section-boxed elementor-section-height-default elementor-section-height-default\" data-id=\"322a09f\" data-element_type=\"section\" data-e-type=\"section\">\n\t\t\t\t\t\t<div class=\"elementor-container elementor-column-gap-default\">\n\t\t\t\t\t<div class=\"elementor-column elementor-col-100 elementor-top-column elementor-element elementor-element-fa03cd5\" data-id=\"fa03cd5\" data-element_type=\"column\" data-e-type=\"column\">\n\t\t\t<div class=\"elementor-widget-wrap elementor-element-populated\">\n\t\t\t\t\t\t<div class=\"elementor-element elementor-element-342aa53 elementor-widget elementor-widget-text-editor\" data-id=\"342aa53\" data-element_type=\"widget\" data-e-type=\"widget\" data-widget_type=\"text-editor.default\">\n\t\t\t\t<div class=\"elementor-widget-container\">\n\t\t\t\t\t\t\t\t\t<p>Dyrektor XIV Liceum Og\u00f3lnokszta\u0142c\u0105cego z Oddzia\u0142am Dwuj\u0119zycznymi wyznacza II termin sprawdzianu kompetencji j\u0119zykowych dla kandydat\u00f3w do klasy dwuj\u0119zycznej, kt\u00f3rzy z przyczyn od nich niezale\u017cnych nie mogli przyst\u0105pi\u0107 do sprawdzianu w pierwszym terminie .<\/p><p>II termin- 24 czerwca godzina 9.30<\/p><p>Rodzice\/prawni opiekunowie kandydata winni z\u0142o\u017cy\u0107 wniosek (wz\u00f3r do pobrania) w sekretariacie szko\u0142y do 11 czerwca 2024 do godz. 15.30<\/p><p>\u00a0<\/p>\t\t\t\t\t\t\t\t<\/div>\n\t\t\t\t<\/div>\n\t\t\t\t\t<\/div>\n\t\t<\/div>\n\t\t\t\t\t<\/div>\n\t\t<\/section>\n\t\t\t\t<section class=\"elementor-section elementor-top-section elementor-element elementor-element-9c8a395 elementor-section-boxed elementor-section-height-default elementor-section-height-default\" data-id=\"9c8a395\" data-element_type=\"section\" data-e-type=\"section\">\n\t\t\t\t\t\t<div class=\"elementor-container elementor-column-gap-default\">\n\t\t\t\t\t<div class=\"elementor-column elementor-col-100 elementor-top-column elementor-element elementor-element-73d435f\" data-id=\"73d435f\" data-element_type=\"column\" data-e-type=\"column\">\n\t\t\t<div class=\"elementor-widget-wrap elementor-element-populated\">\n\t\t\t\t\t\t<div class=\"elementor-element elementor-element-ea770fe elementor-widget elementor-widget-pdf_viewer\" data-id=\"ea770fe\" data-element_type=\"widget\" data-e-type=\"widget\" data-widget_type=\"pdf_viewer.default\">\n\t\t\t\t<div class=\"elementor-widget-container\">\n\t\t\t\t\t<iframe src=\"https:\/\/docs.google.com\/viewer?url=https:\/\/www.xivlo.pl\/wp-content\/uploads\/2024\/06\/wniosek-II-Termin.pdf&amp;embedded=true\" style=\"display: block; margin-left: auto; margin-right: auto; width: 640px; height: 1020px;\" frameborder=\"1\" marginheight=\"0px\" marginwidth=\"0px\" allowfullscreen><\/iframe>\t\t\t\t<\/div>\n\t\t\t\t<\/div>\n\t\t\t\t\t<\/div>\n\t\t<\/div>\n\t\t\t\t\t<\/div>\n\t\t<\/section>\n\t\t\t\t<\/div>\n\t\t","protected":false},"excerpt":{"rendered":"<p>Dyrektor XIV Liceum Og\u00f3lnokszta\u0142c\u0105cego z Oddzia\u0142am Dwuj\u0119zycznymi wyznacza II termin sprawdzianu kompetencji j\u0119zykowych dla kandydat\u00f3w do klasy dwuj\u0119zycznej, kt\u00f3rzy z przyczyn od nich niezale\u017cnych nie mogli przyst\u0105pi\u0107 do sprawdzianu w pierwszym terminie . II termin- 24 czerwca godzina 9.30 Rodzice\/prawni opiekunowie kandydata winni z\u0142o\u017cy\u0107 wniosek (wz\u00f3r do pobrania) w sekretariacie szko\u0142y do 11 czerwca 2024&#8230;<\/p>\n","protected":false},"author":1,"featured_media":2809,"comment_status":"closed","ping_status":"","sticky":false,"template":"","format":"standard","meta":{"_kadence_starter_templates_imported_post":false,"_kad_post_transparent":"","_kad_post_title":"","_kad_post_layout":"","_kad_post_sidebar_id":"","_kad_post_content_style":"","_kad_post_vertical_padding":"","_kad_post_feature":"","_kad_post_feature_position":"","_kad_post_header":false,"_kad_post_footer":false,"_kad_post_classname":"","footnotes":""},"categories":[6],"tags":[],"post_folder":[],"class_list":["post-2800","post","type-post","status-publish","format-standard","has-post-thumbnail","hentry","category-aktualnosci"],"_links":{"self":[{"href":"https:\/\/www.xivlo.pl\/index.php?rest_route=\/wp\/v2\/posts\/2800","targetHints":{"allow":["GET"]}}],"collection":[{"href":"https:\/\/www.xivlo.pl\/index.php?rest_route=\/wp\/v2\/posts"}],"about":[{"href":"https:\/\/www.xivlo.pl\/index.php?rest_route=\/wp\/v2\/types\/post"}],"author":[{"embeddable":true,"href":"https:\/\/www.xivlo.pl\/index.php?rest_route=\/wp\/v2\/users\/1"}],"replies":[{"embeddable":true,"href":"https:\/\/www.xivlo.pl\/index.php?rest_route=%2Fwp%2Fv2%2Fcomments&post=2800"}],"version-history":[{"count":13,"href":"https:\/\/www.xivlo.pl\/index.php?rest_route=\/wp\/v2\/posts\/2800\/revisions"}],"predecessor-version":[{"id":2815,"href":"https:\/\/www.xivlo.pl\/index.php?rest_route=\/wp\/v2\/posts\/2800\/revisions\/2815"}],"wp:featuredmedia":[{"embeddable":true,"href":"https:\/\/www.xivlo.pl\/index.php?rest_route=\/wp\/v2\/media\/2809"}],"wp:attachment":[{"href":"https:\/\/www.xivlo.pl\/index.php?rest_route=%2Fwp%2Fv2%2Fmedia&parent=2800"}],"wp:term":[{"taxonomy":"category","embeddable":true,"href":"https:\/\/www.xivlo.pl\/index.php?rest_route=%2Fwp%2Fv2%2Fcategories&post=2800"},{"taxonomy":"post_tag","embeddable":true,"href":"https:\/\/www.xivlo.pl\/index.php?rest_route=%2Fwp%2Fv2%2Ftags&post=2800"},{"taxonomy":"post_folder","embeddable":true,"href":"https:\/\/www.xivlo.pl\/index.php?rest_route=%2Fwp%2Fv2%2Fpost_folder&post=2800"}],"curies":[{"name":"wp","href":"https:\/\/api.w.org\/{rel}","templated":true}]}}