{"id":21,"date":"2019-11-22T22:16:11","date_gmt":"2019-11-22T21:16:11","guid":{"rendered":"https:\/\/nowa.xivlo.pl\/?p=21"},"modified":"2023-03-16T22:50:55","modified_gmt":"2023-03-16T21:50:55","slug":"dziady-ii","status":"publish","type":"post","link":"https:\/\/www.xivlo.pl\/?p=21","title":{"rendered":"Dziady II"},"content":{"rendered":"<p><img fetchpriority=\"high\" decoding=\"async\" class=\" size-full wp-image-20\" src=\"https:\/\/xivlo.pl\/wp-content\/uploads\/2019\/11\/IMGP3691-scaled.jpg\" alt=\"\" width=\"987\" height=\"740\" srcset=\"https:\/\/www.xivlo.pl\/wp-content\/uploads\/2019\/11\/IMGP3691-scaled.jpg 2560w, https:\/\/www.xivlo.pl\/wp-content\/uploads\/2019\/11\/IMGP3691-300x225.jpg 300w, https:\/\/www.xivlo.pl\/wp-content\/uploads\/2019\/11\/IMGP3691-1024x768.jpg 1024w, https:\/\/www.xivlo.pl\/wp-content\/uploads\/2019\/11\/IMGP3691-768x576.jpg 768w, https:\/\/www.xivlo.pl\/wp-content\/uploads\/2019\/11\/IMGP3691-1536x1152.jpg 1536w, https:\/\/www.xivlo.pl\/wp-content\/uploads\/2019\/11\/IMGP3691-2048x1535.jpg 2048w\" sizes=\"(max-width: 987px) 100vw, 987px\" \/><\/p>\n<p>Dzisiaj w naszej szkole odby\u0142a si\u0119 premiera Dziad\u00f3w cz. II &#8211; A. Mickiewicza. Ogwiazdkowana lektura szkolna sta\u0142a si\u0119 inspiracj\u0105 dla ko\u0142a teatralnego. Pod czujnym okiem pa\u0144 K. Ceranowskiej i B. Ulickiej uczniowie przeistoczyli si\u0119 w bohater\u00f3w Dziad\u00f3w. Ich kreacje aktorskie zachwyci\u0142y licznie przyby\u0142\u0105 publiczno\u015b\u0107. Dzi\u0119kujemy za wyj\u0105tkowe wydarzenie kulturalne.\u00a0<\/p>\n<p>Scenariusz i re\u017cyseria: Iwo Hejmowski, Paulina Lipi\u0144ska.<\/p>\n<p>Obsada\u00a0Gu\u015blarz I &#8211; Iwo Hejmowski,\u00a0Gu\u015blarz II &#8211; Marcin Dziuba,\u00a0Starzec &#8211; Kuba Duszewski,\u00a0Anio\u0142ek I ( Rozia ) &#8211; Paulina Chrzan,\u00a0Anio\u0142ek II ( J\u00f3zio ) &#8211; Marek Magie\u0142da,\u00a0Duch dziewczyny ( Zosia ) &#8211; Paulina Lipi\u0144ska,\u00a0Widmo Z\u0142ego Pana &#8211; Julia Michalska,\u00a0<br \/>Ch\u00f3r: Ania Wolna,\u00a0Kinga Konopczy\u0144ska,\u00a0Nikola Geszczak,\u00a0Oliwia Nag\u00f3rek,\u00a0Dominika Friedrich<br \/>Staty\u015bci: Filip Schmidt,\u00a0Oliwier Gaca,\u00a0Maksymilian Szymkowiak,\u00a0\u00a0Kuba Sontowski,\u00a0Dominika Friedrich,\u00a0\u00a0Nikola \u0141eppek,\u00a0\u0141ukasz Witkowski,\u00a0Kasia D\u0119bkowska,\u00a0Natalia Wojtek.<\/p>\n","protected":false},"excerpt":{"rendered":"<p>Dzisiaj w naszej szkole odby\u0142a si\u0119 premiera Dziad\u00f3w cz. II &#8211; A. Mickiewicza. Ogwiazdkowana lektura szkolna sta\u0142a si\u0119 inspiracj\u0105 dla ko\u0142a teatralnego. Pod czujnym okiem pa\u0144 K. Ceranowskiej i B. Ulickiej uczniowie przeistoczyli si\u0119 w bohater\u00f3w Dziad\u00f3w. Ich kreacje aktorskie zachwyci\u0142y licznie przyby\u0142\u0105 publiczno\u015b\u0107. Dzi\u0119kujemy za wyj\u0105tkowe wydarzenie kulturalne.\u00a0 Scenariusz i re\u017cyseria: Iwo Hejmowski, Paulina&#8230;<\/p>\n","protected":false},"author":1,"featured_media":20,"comment_status":"closed","ping_status":"open","sticky":false,"template":"","format":"standard","meta":{"_kadence_starter_templates_imported_post":false,"_kad_post_transparent":"","_kad_post_title":"","_kad_post_layout":"","_kad_post_sidebar_id":"","_kad_post_content_style":"","_kad_post_vertical_padding":"","_kad_post_feature":"","_kad_post_feature_position":"","_kad_post_header":false,"_kad_post_footer":false,"_kad_post_classname":"","footnotes":""},"categories":[6],"tags":[],"post_folder":[],"class_list":["post-21","post","type-post","status-publish","format-standard","has-post-thumbnail","hentry","category-aktualnosci"],"_links":{"self":[{"href":"https:\/\/www.xivlo.pl\/index.php?rest_route=\/wp\/v2\/posts\/21","targetHints":{"allow":["GET"]}}],"collection":[{"href":"https:\/\/www.xivlo.pl\/index.php?rest_route=\/wp\/v2\/posts"}],"about":[{"href":"https:\/\/www.xivlo.pl\/index.php?rest_route=\/wp\/v2\/types\/post"}],"author":[{"embeddable":true,"href":"https:\/\/www.xivlo.pl\/index.php?rest_route=\/wp\/v2\/users\/1"}],"replies":[{"embeddable":true,"href":"https:\/\/www.xivlo.pl\/index.php?rest_route=%2Fwp%2Fv2%2Fcomments&post=21"}],"version-history":[{"count":1,"href":"https:\/\/www.xivlo.pl\/index.php?rest_route=\/wp\/v2\/posts\/21\/revisions"}],"predecessor-version":[{"id":2127,"href":"https:\/\/www.xivlo.pl\/index.php?rest_route=\/wp\/v2\/posts\/21\/revisions\/2127"}],"wp:featuredmedia":[{"embeddable":true,"href":"https:\/\/www.xivlo.pl\/index.php?rest_route=\/wp\/v2\/media\/20"}],"wp:attachment":[{"href":"https:\/\/www.xivlo.pl\/index.php?rest_route=%2Fwp%2Fv2%2Fmedia&parent=21"}],"wp:term":[{"taxonomy":"category","embeddable":true,"href":"https:\/\/www.xivlo.pl\/index.php?rest_route=%2Fwp%2Fv2%2Fcategories&post=21"},{"taxonomy":"post_tag","embeddable":true,"href":"https:\/\/www.xivlo.pl\/index.php?rest_route=%2Fwp%2Fv2%2Ftags&post=21"},{"taxonomy":"post_folder","embeddable":true,"href":"https:\/\/www.xivlo.pl\/index.php?rest_route=%2Fwp%2Fv2%2Fpost_folder&post=21"}],"curies":[{"name":"wp","href":"https:\/\/api.w.org\/{rel}","templated":true}]}}