{"id":12,"date":"2019-08-27T10:40:10","date_gmt":"2019-08-27T08:40:10","guid":{"rendered":"https:\/\/nowa.xivlo.pl\/?p=12"},"modified":"2023-03-16T22:50:55","modified_gmt":"2023-03-16T21:50:55","slug":"rozpoczecie-roku-szkolnego","status":"publish","type":"post","link":"https:\/\/www.xivlo.pl\/?p=12","title":{"rendered":"Rozpocz\u0119cie roku szkolnego !"},"content":{"rendered":"<p>W dniu 2 wrze\u015bnia rozpoczynamy rok szkolny 2019\/2020 wed\u0142ug harmonogramu:<\/p>\n<p><strong>Klasy I , III \u2013 3letnie LO<\/strong><br \/>9.00 \u2013 uroczysto\u015b\u0107 rozpocz\u0119cia Roku Szkolnego<br \/>9.30 \u2013 spotkania z wychowawc\u0105<br \/>10.00 \u2013 test kompetencji z j. angielskiego dla uczni\u00f3w klas I<br \/><strong>Klasy I po Szkole Podstawowej,\u00a0 klasy II<\/strong><br \/>10.30 \u2013 uroczysto\u015b\u0107 rozpocz\u0119cia Roku Szkolnego<br \/>11.00\u2013 spotkania z wychowawc\u0105<br \/>11.30 \u2013 test kompetencji z j. angielskiego dla uczni\u00f3w klas I<\/p>\n<p><strong>Spotkania z rodzicami<\/strong> <br \/>Rodzice uczni\u00f3w klas <strong>I po Gimnazjum<\/strong> \u2013 2 wrze\u015bnia<br \/>17.30 &#8211;\u00a0 klasy IA, IB, IF\u00a0 &#8211; hol II pi\u0119tra<br \/>18.30 \u2013 klasy IC, ID, IE \u2013 hol II pi\u0119tra<br \/>Rodzice uczni\u00f3w klas <strong>I po Szkole Podstawowej<\/strong> \u2013 18.09 \u2013 godz 17.00<br \/>Rodzice uczni\u00f3w klas <strong>I Gimnazjum<\/strong> \u2013 18.09 \u2013 godz. 17.30<br \/>Rodzice uczni\u00f3w klas II, III (informacja o maturze ) &#8211; 18.09 \u2013 godz. 18.00<\/p>\n","protected":false},"excerpt":{"rendered":"<p>W dniu 2 wrze\u015bnia rozpoczynamy rok szkolny 2019\/2020 wed\u0142ug harmonogramu: Klasy I , III \u2013 3letnie LO9.00 \u2013 uroczysto\u015b\u0107 rozpocz\u0119cia Roku Szkolnego9.30 \u2013 spotkania z wychowawc\u010510.00 \u2013 test kompetencji z j. angielskiego dla uczni\u00f3w klas IKlasy I po Szkole Podstawowej,\u00a0 klasy II10.30 \u2013 uroczysto\u015b\u0107 rozpocz\u0119cia Roku Szkolnego11.00\u2013 spotkania z wychowawc\u010511.30 \u2013 test kompetencji z j&#8230;.<\/p>\n","protected":false},"author":1,"featured_media":0,"comment_status":"closed","ping_status":"open","sticky":false,"template":"","format":"standard","meta":{"_kadence_starter_templates_imported_post":false,"_kad_post_transparent":"","_kad_post_title":"","_kad_post_layout":"","_kad_post_sidebar_id":"","_kad_post_content_style":"","_kad_post_vertical_padding":"","_kad_post_feature":"","_kad_post_feature_position":"","_kad_post_header":false,"_kad_post_footer":false,"_kad_post_classname":"","footnotes":""},"categories":[6],"tags":[],"post_folder":[],"class_list":["post-12","post","type-post","status-publish","format-standard","hentry","category-aktualnosci"],"_links":{"self":[{"href":"https:\/\/www.xivlo.pl\/index.php?rest_route=\/wp\/v2\/posts\/12","targetHints":{"allow":["GET"]}}],"collection":[{"href":"https:\/\/www.xivlo.pl\/index.php?rest_route=\/wp\/v2\/posts"}],"about":[{"href":"https:\/\/www.xivlo.pl\/index.php?rest_route=\/wp\/v2\/types\/post"}],"author":[{"embeddable":true,"href":"https:\/\/www.xivlo.pl\/index.php?rest_route=\/wp\/v2\/users\/1"}],"replies":[{"embeddable":true,"href":"https:\/\/www.xivlo.pl\/index.php?rest_route=%2Fwp%2Fv2%2Fcomments&post=12"}],"version-history":[{"count":1,"href":"https:\/\/www.xivlo.pl\/index.php?rest_route=\/wp\/v2\/posts\/12\/revisions"}],"predecessor-version":[{"id":2132,"href":"https:\/\/www.xivlo.pl\/index.php?rest_route=\/wp\/v2\/posts\/12\/revisions\/2132"}],"wp:attachment":[{"href":"https:\/\/www.xivlo.pl\/index.php?rest_route=%2Fwp%2Fv2%2Fmedia&parent=12"}],"wp:term":[{"taxonomy":"category","embeddable":true,"href":"https:\/\/www.xivlo.pl\/index.php?rest_route=%2Fwp%2Fv2%2Fcategories&post=12"},{"taxonomy":"post_tag","embeddable":true,"href":"https:\/\/www.xivlo.pl\/index.php?rest_route=%2Fwp%2Fv2%2Ftags&post=12"},{"taxonomy":"post_folder","embeddable":true,"href":"https:\/\/www.xivlo.pl\/index.php?rest_route=%2Fwp%2Fv2%2Fpost_folder&post=12"}],"curies":[{"name":"wp","href":"https:\/\/api.w.org\/{rel}","templated":true}]}}